[{"@context":"https:\/\/schema.org\/","@type":"Article","@id":"https:\/\/www.ieg.sk\/vlasy-maju-ziarit-zdravim\/#Article","mainEntityOfPage":"https:\/\/www.ieg.sk\/vlasy-maju-ziarit-zdravim\/","headline":"Vlasy maj\u00fa \u017eiari\u0165 zdrav\u00edm","name":"Vlasy maj\u00fa \u017eiari\u0165 zdrav\u00edm","description":"Strihanie vlasov, viac ako by sme chceli je pre n\u00e1s pohromou\u00a0 a\u00a0no\u010dnou morou. Such\u00fdm a\u00a0roz\u0161tiepen\u00fdm kon\u010dek niekedy mus\u00edme poveda\u0165 zbohom aj proti na\u0161ej v\u00f4li. Ke\u010f v\u0161ak kadern\u00ed\u010dka z\u00a0po\u017eadovan\u00fdch 5 centimetrov<p><a href=\"https:\/\/www.ieg.sk\/vlasy-maju-ziarit-zdravim\/\" class=\"more-link\">Pre\u010d\u00edta\u0165<span class=\"screen-reader-text\">Vlasy maj\u00fa \u017eiari\u0165 zdrav\u00edm<\/span><\/a><\/p>","datePublished":"2018-06-20","dateModified":"2023-06-08","author":{"@type":"Person","@id":"https:\/\/www.ieg.sk\/author\/#Person","name":"","url":"https:\/\/www.ieg.sk\/author\/","identifier":1,"image":{"@type":"ImageObject","@id":"https:\/\/secure.gravatar.com\/avatar\/ee69a086fc043006d66000ff5e288b6b088fc8fa323128f3849437410a854832?s=96&d=mm&r=g","url":"https:\/\/secure.gravatar.com\/avatar\/ee69a086fc043006d66000ff5e288b6b088fc8fa323128f3849437410a854832?s=96&d=mm&r=g","height":96,"width":96}},"publisher":{"@type":"Organization","name":"ieg.sk","logo":{"@type":"ImageObject","@id":"\/logo.png","url":"\/logo.png","width":600,"height":60}},"image":{"@type":"ImageObject","@id":"https:\/\/www.ieg.sk\/wp-content\/uploads\/img_a290345_w16583_t1534779331.jpg","url":"https:\/\/www.ieg.sk\/wp-content\/uploads\/img_a290345_w16583_t1534779331.jpg","height":0,"width":0},"url":"https:\/\/www.ieg.sk\/vlasy-maju-ziarit-zdravim\/","wordCount":485,"articleBody":"Strihanie vlasov, viac ako by sme chceli je pre n\u00e1s pohromou\u00a0 a\u00a0no\u010dnou morou. Such\u00fdm a\u00a0roz\u0161tiepen\u00fdm kon\u010dek niekedy mus\u00edme poveda\u0165 zbohom aj proti na\u0161ej v\u00f4li. Ke\u010f v\u0161ak kadern\u00ed\u010dka z\u00a0po\u017eadovan\u00fdch 5 centimetrov odstrihne vy\u0161e 10 centimetrov je to prv\u00fd sign\u00e1lom, \u017ee sme sa o\u00a0vlasy starali zle.\u00a0\u00a0\u00a0\u00a0 Okrem spr\u00e1vneho \u010desania a\u00a0\u00fapravy vlasov je d\u00f4le\u017eit\u00fd v\u00fdber \u0161amp\u00f3nu, ktor\u00fd by mal na\u0161im vlasom doda\u0165 v\u00fd\u017eivu a\u00a0ochranu. Na trhu je hromada vlasovej kozmetiky a\u00a0ka\u017ed\u00e1 tvrd\u00ed, \u017ee bude robi\u0165 z\u00e1zraky. Vybra\u0165 si dobr\u00fd \u0161amp\u00f3n, ktor\u00fd na\u0161ej hlave neu\u0161kod\u00ed vyzer\u00e1 ako jednoduch\u00e1 vec, ale nie v\u0161etci \u010d\u00edtame obaloch na ak\u00fd typ vlasov sa dan\u00fd \u0161amp\u00f3n hod\u00ed najviac a\u00a0zv\u00e4\u010d\u0161a len ovoniavame.\u00a0\u00a0\u00a0\u00a0 Ako si teda vybra\u0165 ten TOP \u0161amp\u00f3n? Lupiny, mastn\u00e9 vlasy, such\u00e9, po\u0161koden\u00e9, l\u00e1mav\u00e9. V\u0161etky maj\u00fa in\u00fd probl\u00e9m a\u00a0preto ke\u010f sa vlasy ve\u013emi mastia nemali by sme ich um\u00fdva\u0165 \u0161amp\u00f3nom na such\u00e9 vlasy, len preto, \u017ee to bol dar\u010dek a\u00a0treba ho dom\u00ed\u0148a\u0165. \u00a0Pokia\u013e doma tak\u00fdto produkt m\u00e1te, m\u00f4\u017eete ho posun\u00fa\u0165 niekomu kto ho potrebuje. \u00a0\u00a0\u00a0\u00a0\u00a0 Poko\u017eka hlavy sa po\u010das roka men\u00ed. V\u00a0lete s\u00fa vlasy mastnej\u0161ie a\u00a0v\u00a0zime such\u0161ie, t\u00fdm p\u00e1dom viac l\u00e1mav\u00e9 a\u00a0po\u0161koden\u00e9. \u00a0V\u00a0zime sa postarajte o\u00a0kvalitn\u00fa v\u00fd\u017eivu a\u00a0hydrat\u00e1ciu. \u017dehli\u010dku a\u00a0kulmu na nejak\u00fd \u010das odlo\u017ete.\u00a0\u00a0\u00a0\u00a0 Ak sa chcete vyhn\u00fa\u0165 ch\u00e9mii mali by ste vysk\u00fa\u0161a\u0165 no-poo met\u00f3du, pri ktorej ide o\u00a0to, \u017ee si vlasy um\u00fdvate bez \u0161amp\u00f3nu \u010distou vodou alebo pou\u017e\u00edvate nejak\u00fa n\u00e1hradu akou je jedl\u00e1 s\u00f3da, jabl\u010dn\u00fd ocot alebo ra\u017en\u00e1 m\u00faka. Pri tomto sp\u00f4sobe si mus\u00edte n\u00e1js\u0165 to \u010do v\u00e1m najviac vyhovuje. Znie to naozaj zvl\u00e1\u0161tne, ale takouto cestou zn\u00ed\u017eite frekvenciu um\u00fdvania, zn\u00ed\u017eite pr\u00edjem chemik\u00e1li\u00ed a\u00a0poko\u017eka hlavy by mala produkova\u0165 menej mazu.\u00a0\u00a0\u00a0\u00a0 Zo za\u010diatku to nebude prech\u00e1dzka ru\u017eovou z\u00e1hradou, k\u00fdm si zvyknete, \u017ee vlasy nie s\u00fa na dotyk pr\u00edjemn\u00e9 hebk\u00e9 a\u00a0nevo\u0148aj\u00fa. T\u00e1to met\u00f3da nie je pre ka\u017ed\u00e9ho, ale oplat\u00ed sa aspo\u0148 sk\u00fasi\u0165.\u00a0\u00a0\u00a0\u00a0 Vlasov\u00e1 kozmetika, nie je zl\u00e1, len \u010d\u00edta\u0165 etikety sa n\u00e1m v\u017edy nechce a\u00a0potom mo\u017eno k\u00fapime nie\u010do \u010do n\u00e1m sk\u00f4r u\u0161kod\u00ed.\u00a0 Vyh\u00fdba\u0165 sa sulf\u00e1tom nie je pr\u00e1ve \u013eahk\u00e9, ke\u010f\u017ee s\u00fa skoro v\u0161ade. Ale s\u00fa produkty aj na pr\u00edrodnej b\u00e1ze, len\u017ee tie v\u00a0obchodoch be\u017ene nen\u00e1jdeme.\u00a0\u00a0\u00a0\u00a0 Ak v\u00e1m na vlasoch z\u00e1le\u017e\u00ed dajte im kvalitn\u00fa starostlivos\u0165, spr\u00e1vne ich \u010de\u0161te a\u00a0sk\u00faste sa vyhn\u00fa\u0165\u00a0 tepelnej \u00faprave a\u00a0oni sa v\u00e1m za to odmenia.                                                                                                                                                                                                                                                                                                                                                                                        4.2\/5 - (9 votes)        "},{"@context":"https:\/\/schema.org\/","@type":"BreadcrumbList","itemListElement":[{"@type":"ListItem","position":1,"name":"Vlasy maj\u00fa \u017eiari\u0165 zdrav\u00edm","item":"https:\/\/www.ieg.sk\/vlasy-maju-ziarit-zdravim\/#breadcrumbitem"}]}]