[{"@context":"https:\/\/schema.org\/","@type":"Article","@id":"https:\/\/www.ieg.sk\/zatocte-so-strachom\/#Article","mainEntityOfPage":"https:\/\/www.ieg.sk\/zatocte-so-strachom\/","headline":"Zato\u010dte so strachom","name":"Zato\u010dte so strachom","description":"F\u00f3bie? A to je \u010do? Nie, rob\u00edm si srandu.Ak ma nie\u010do skuto\u010dne ve\u013emi des\u00ed, tak s\u00fa to pr\u00e1ve r\u00f4zne f\u00f3bie. Hlavne preto, \u017ee nimi ve\u013emi trp\u00edm aj ja. Ve\u013emi sa<p><a href=\"https:\/\/www.ieg.sk\/zatocte-so-strachom\/\" class=\"more-link\">Pre\u010d\u00edta\u0165<span class=\"screen-reader-text\">Zato\u010dte so strachom<\/span><\/a><\/p>","datePublished":"2018-04-10","dateModified":"2023-06-08","author":{"@type":"Person","@id":"https:\/\/www.ieg.sk\/author\/#Person","name":"","url":"https:\/\/www.ieg.sk\/author\/","identifier":1,"image":{"@type":"ImageObject","@id":"https:\/\/secure.gravatar.com\/avatar\/ee69a086fc043006d66000ff5e288b6b088fc8fa323128f3849437410a854832?s=96&d=mm&r=g","url":"https:\/\/secure.gravatar.com\/avatar\/ee69a086fc043006d66000ff5e288b6b088fc8fa323128f3849437410a854832?s=96&d=mm&r=g","height":96,"width":96}},"publisher":{"@type":"Organization","name":"ieg.sk","logo":{"@type":"ImageObject","@id":"\/logo.png","url":"\/logo.png","width":600,"height":60}},"image":{"@type":"ImageObject","@id":"https:\/\/www.ieg.sk\/wp-content\/uploads\/img_a287926_w16550_t1526457082.jpg","url":"https:\/\/www.ieg.sk\/wp-content\/uploads\/img_a287926_w16550_t1526457082.jpg","height":0,"width":0},"url":"https:\/\/www.ieg.sk\/zatocte-so-strachom\/","wordCount":442,"articleBody":"              F\u00f3bie? A to je \u010do? Nie, rob\u00edm si srandu.Ak ma nie\u010do skuto\u010dne ve\u013emi des\u00ed, tak s\u00fa to pr\u00e1ve r\u00f4zne f\u00f3bie. Hlavne preto, \u017ee nimi ve\u013emi trp\u00edm aj ja. Ve\u013emi sa boj\u00edm oh\u0148a. Nie\u017eeby som niekedy mala zl\u00fa sk\u00fasenos\u0165 alebo sa mi nie\u010do zap\u00e1lilo, \u010di podobne. Proste sa oh\u0148a naozaj ve\u013emi boj\u00edm a asi sa toho nikdy nezbav\u00edm. Preto som v\u017edy myslela na to, \u010do m\u00f4\u017eem robi\u0165, aby som sa mu vyhla. Chodi\u0165 po kan\u00e1loch? Alebo len po vode, aby som mala skuto\u010dne istotu? Niekomu to mo\u017eno pr\u00edde vtipn\u00e9 a ja to taktie\u017e dos\u0165 nad\u013eah\u010dujem, no ja sa skuto\u010dne oh\u0148a priam chorobne boj\u00edm a aj keby sa stalo \u010doko\u013evek, asi by som nemohla by\u0165 v jeho bl\u00edzkosti. Ani na opeka\u010dke napr\u00edklad.Ke\u010f som sa pres\u0165ahovala do nov\u00e9ho domu, prv\u00e1 vec, \u010do som si zohnala, boli po\u017eiarne dvere. Viem, \u017ee niektor\u00fdm \u013eu\u010fom to mo\u017eno pr\u00edde prehnan\u00e9, ba priam chor\u00e9, ale ja som sa skuto\u010dne ob\u00e1vala, tak \u010do som mala robi\u0165? Bolo to pre m\u0148a v\u00e1\u017ene d\u00f4le\u017eit\u00e9, tak\u017ee som nevidela d\u00f4vod, pre\u010do by som si ich nemohla zohna\u0165. V\u010faka nim som sa c\u00edtila ove\u013ea bezpe\u010dnej\u0161ie a mysl\u00edm si, \u017ee je to t\u00e1 spr\u00e1vna invest\u00edcia. Nielen pre t\u00fdch, ktor\u00ed sa boja oh\u0148a, tak ako ja, ale vo v\u0161eobecnosti pre \u013eud\u00ed, ktor\u00ed sa proste chc\u00fa c\u00edti\u0165 vo svojom domove bezpe\u010dnej\u0161ie. Nevid\u00edm d\u00f4vod, pre\u010do by to malo by\u0165 nie\u010do zl\u00e9.Aby toho nebolo m\u00e1lo, u\u017e d\u00e1vno neplat\u00ed to,\u017ee vyzeraj\u00fa zle. Pr\u00e1ve naopak. Aj tak\u00e1to praktick\u00e1 vec m\u00f4\u017ee vyzera\u0165 dobre, ke\u010f si to, samozrejme, nech\u00e1te. Preto si ich m\u00f4\u017eete r\u00f4zne vylep\u0161i\u0165 alebo ich k\u00fapi\u0165 presne tak\u00e9, ak\u00e9 aj naozaj s\u00fa. Verte tomu, \u017ee ja som to sk\u00fasila a nem\u00e1m pocit, \u017ee by vyzerali nevkusne. A to sa teda pova\u017eujem za \u010dloveka, ktor\u00e9mu sa len tak nie\u010do hne\u010f nezap\u00e1\u010di. Tak\u017ee ak uva\u017eujete o nie\u010dom, \u010do v\u00fdrazne zv\u00fd\u0161i va\u0161u bezpe\u010dnos\u0165, mysl\u00edm si, \u017ee ste na dobrej ceste. Ja by som teda ve\u013emi dlho neot\u00e1\u013eala. \u010co ak sa v\u00e1m potom u\u017e neujde? Neboj\u00edte sa? Dobre, to u\u017e preh\u00e1\u0148am, ale ni\u010d to nemen\u00ed na tom, \u017ee s\u00fa skuto\u010dne perfektn\u00e9.                                                                                                                                                                                                                                                                                                                                                                                          4.8\/5 - (9 votes)        "},{"@context":"https:\/\/schema.org\/","@type":"BreadcrumbList","itemListElement":[{"@type":"ListItem","position":1,"name":"Zato\u010dte so strachom","item":"https:\/\/www.ieg.sk\/zatocte-so-strachom\/#breadcrumbitem"}]}]