[{"@context":"https:\/\/schema.org\/","@type":"Article","@id":"https:\/\/www.ieg.sk\/zenska-krasa\/#Article","mainEntityOfPage":"https:\/\/www.ieg.sk\/zenska-krasa\/","headline":"\u017densk\u00e1 kr\u00e1sa","name":"\u017densk\u00e1 kr\u00e1sa","description":"Ka\u017ed\u00e1 z\u00a0n\u00e1s m\u00e1 in\u00fd \u0161t\u00fdl \u017eivota. Je to samozrejme prirodzen\u00e9. Ka\u017ed\u00e1 sme in\u00e1 a\u00a0preferujeme in\u00e9 veci. Ak\u00fd je ten v\u00e1\u0161 \u0161t\u00fdl \u017eivota? My \u017eeny sme r\u00f4zne, niektor\u00e1 sa zauj\u00edma o\u00a0svoje<p><a href=\"https:\/\/www.ieg.sk\/zenska-krasa\/\" class=\"more-link\">Pre\u010d\u00edta\u0165<span class=\"screen-reader-text\">\u017densk\u00e1 kr\u00e1sa<\/span><\/a><\/p>","datePublished":"2025-02-25","dateModified":"2023-06-08","author":{"@type":"Person","@id":"https:\/\/www.ieg.sk\/author\/#Person","name":"","url":"https:\/\/www.ieg.sk\/author\/","identifier":1,"image":{"@type":"ImageObject","@id":"https:\/\/secure.gravatar.com\/avatar\/ee69a086fc043006d66000ff5e288b6b088fc8fa323128f3849437410a854832?s=96&d=mm&r=g","url":"https:\/\/secure.gravatar.com\/avatar\/ee69a086fc043006d66000ff5e288b6b088fc8fa323128f3849437410a854832?s=96&d=mm&r=g","height":96,"width":96}},"publisher":{"@type":"Organization","name":"ieg.sk","logo":{"@type":"ImageObject","@id":"\/logo.png","url":"\/logo.png","width":600,"height":60}},"image":{"@type":"ImageObject","@id":"https:\/\/www.ieg.sk\/wp-content\/uploads\/img_a300922_w16549_t1558370159.jpg","url":"https:\/\/www.ieg.sk\/wp-content\/uploads\/img_a300922_w16549_t1558370159.jpg","height":0,"width":0},"url":"https:\/\/www.ieg.sk\/zenska-krasa\/","wordCount":411,"articleBody":"Ka\u017ed\u00e1 z\u00a0n\u00e1s m\u00e1 in\u00fd \u0161t\u00fdl \u017eivota. Je to samozrejme prirodzen\u00e9. Ka\u017ed\u00e1 sme in\u00e1 a\u00a0preferujeme in\u00e9 veci. Ak\u00fd je ten v\u00e1\u0161 \u0161t\u00fdl \u017eivota? My \u017eeny sme r\u00f4zne, niektor\u00e1 sa zauj\u00edma o\u00a0svoje zdravie a\u00a0pravidelne cvi\u010d\u00ed a\u00a0zdravo sa stravuje. Naopak in\u00e1 zase ve\u013emi nedb\u00e1 na to ako sa stravuje. Jednoducho to nerie\u0161i. Ja osobne si vol\u00edm tak\u00fd stred. Stravujem sa tak ako to c\u00edtim, nau\u010dila som sa po\u010d\u00fava\u0165 svoje telo a\u00a0da\u0165 mu to \u010do pr\u00e1ve potrebuje. To je pre m\u0148a najlep\u0161ie.Samozrejme, \u017ee sa star\u00e1m o\u00a0svoje telo a\u00a0zdravie. Je to ur\u010dite ve\u013emi d\u00f4le\u017eit\u00e9. Pravidelne nav\u0161tevujem fitnes centrum. Star\u00e1m sa o\u00a0svoje vlasy, poko\u017eku ale aj o\u00a0zuby \u010di nechty. Pravidelne nav\u0161tevujem kadern\u00ed\u010dku a\u00a0vlasy si doma o\u0161etrujem. M\u00e1m svoje overen\u00e9 produkty, ktor\u00e9 mi pom\u00e1haj\u00fa udr\u017ea\u0165 si vlasy zdrav\u00e9 a\u00a0leskl\u00e9. Pri zuboch sa sna\u017e\u00edm aby boli zdravotne v\u00a0poriadku a\u00a0aby boli \u017eiarivo biele. \u010co sa t\u00fdka poko\u017eky, tak pou\u017e\u00edvam pr\u00edrodn\u00e9 samo- opa\u013eovacie pr\u00edpravky, ktor\u00e9 mojej poko\u017eke dodaj\u00fa v\u00fd\u017eivu a\u00a0kr\u00e1snu farbu po cel\u00fd rok.Taktie\u017e chod\u00edm pravidelne na manik\u00faru a\u00a0nech\u00e1vam si robi\u0165 g\u00e9lov\u00e9 nechty. Ve\u013emi som si ich ob\u013e\u00fabila, ke\u010f\u017ee mi vydr\u017eia ve\u013emi dlho a\u00a0nem\u00e1m s\u00a0nimi \u017eiadne starosti. Mo\u017eno sa to nezd\u00e1 ale aj nechty s\u00fa d\u00f4le\u017eitou s\u00fa\u010das\u0165ou \u017eenskej kr\u00e1sy. Ka\u017ed\u00fd detail sa po\u010d\u00edta do celkov\u00e9ho v\u00fdsledku. Potom je tu oble\u010denie. Ja preferujem elegantn\u00e9 k\u00fasky a\u00a0pravidelne si \u0161atn\u00edk triedim a\u00a0dopl\u0148ujem o\u00a0nov\u00e9 k\u00fasky. To \u010do u\u017e dlh\u0161ie nenos\u00edm jednoducho vyrad\u00edm. Nem\u00e1 zmysel to nech\u00e1va\u0165 vo va\u0161om \u0161atn\u00edku, preto\u017ee v\u00e1m to iba zaber\u00e1 miesto a\u00a0u\u017e si to nikdy neoble\u010diete.Celkovo je m\u00f4j \u017eivotn\u00fd \u0161t\u00fdl prisp\u00f4soben\u00fd starostlivosti o\u00a0seba. Je postaven\u00fd na sebazdokona\u013eovan\u00ed. Rada sa u\u010d\u00edm a\u00a0\u0161tudujem nov\u00e9 veci. Som \u0161tudentkou a\u00a0teda m\u00f4j \u017eivot je naplnen\u00fd pr\u00e1ve u\u010den\u00edm. Mne to v\u0161ak vyhovuje. De\u0148 tr\u00e1vim v\u00a0\u0161kole alebo u\u010den\u00edm sa na sk\u00fa\u0161ky. Popri tom sa rada stret\u00e1vam so svojimi priate\u013emi a\u00a0rodinou. Ob\u013eubujem dobr\u00e9 jedlo a\u00a0kaviarne.                                                                                                                                                                                                                                                                                                                                                                                        4.1\/5 - (8 votes)        "},{"@context":"https:\/\/schema.org\/","@type":"BreadcrumbList","itemListElement":[{"@type":"ListItem","position":1,"name":"\u017densk\u00e1 kr\u00e1sa","item":"https:\/\/www.ieg.sk\/zenska-krasa\/#breadcrumbitem"}]}]